{"id":14938,"date":"2026-02-28T10:15:00","date_gmt":"2026-02-28T09:15:00","guid":{"rendered":"https:\/\/www.digital-chiefs.de\/quien-posee-la-ia-comparativa-entre-cio-cdo-y-cto\/"},"modified":"2026-04-04T10:57:55","modified_gmt":"2026-04-04T08:57:55","slug":"quien-posee-la-ia-comparativa-entre-cio-cdo-y-cto","status":"publish","type":"post","link":"https:\/\/www.digital-chiefs.de\/es\/quien-posee-la-ia-comparativa-entre-cio-cdo-y-cto\/","title":{"rendered":"\u00bfQui\u00e9n posee la IA? Comparativa entre CIO, CDO y CTO"},"content":{"rendered":"<p style=\"display:inline-block;background:#d65663;color:#fff;padding:4px 14px;border-radius:20px;font-size:0.85em;margin-bottom:18px;\">4 min de lectura<\/p>\n<p><strong>\u00bfQui\u00e9n es responsable de la inteligencia artificial en la empresa? \u00bfEl CIO, que gestiona la infraestructura? \u00bfEl CDO, encargado de la estrategia de datos? \u00bfEl CTO, que dirige el desarrollo de productos? En muchas organizaciones, la responsabilidad no est\u00e1 claramente definida, y eso se ha convertido en un problema. Porque sin una titularidad clara, la IA deriva hacia una zona organizativa gris.<\/strong><\/p>\n<h2 style=\"margin-top:32px;margin-bottom:16px;\">En resumen<\/h2>\n<div class=\"tldr\">\n<ul>\n<li>\ud83d\udcca <strong>Titularidad no definida:<\/strong> Seg\u00fan Riviera Partners, en muchas empresas no existe una asignaci\u00f3n inequ\u00edvoca de la responsabilidad sobre la IA a nivel de direcci\u00f3n ejecutiva (C-Level).<\/li>\n<li>\u26a0\ufe0f <strong>La figura del CDO bajo presi\u00f3n:<\/strong> Gartner pronostica que los CDO que no demuestren un impacto medible a escala empresarial ser\u00e1n absorbidos por las funciones de TI hasta 2026.<\/li>\n<li>\ud83c\udfaf <strong>Tres responsabilidades diferenciadas:<\/strong> CIO (infraestructura corporativa y gobernanza), CTO (IA en productos e ingenier\u00eda), CDO (estrategia de datos y an\u00e1lisis). La distribuci\u00f3n var\u00eda seg\u00fan la estructura organizativa.<\/li>\n<li>\ud83d\udd27 <strong>Modelo federado como soluci\u00f3n:<\/strong> Las empresas m\u00e1s exitosas adoptan un modelo federado con gobernanza centralizada de la IA y ejecuci\u00f3n descentralizada en las unidades de negocio.<\/li>\n<li>\ud83d\udca1 <strong>El \u00abHead of AI\u00bb como nuevo cargo:<\/strong> Forrester informa que un n\u00famero creciente de empresas del ranking Fortune-100 est\u00e1n creando puestos especializados de \u00abHead of AI Governance\u00bb.<\/li>\n<\/ul>\n<\/div>\n<h2 style=\"margin-top:32px;margin-bottom:16px;\">Por qu\u00e9 la cuesti\u00f3n de la responsabilidad es cr\u00edtica ahora<\/h2>\n<p>Durante mucho tiempo, la IA fue un asunto exclusivo del departamento de TI. Entrenar modelos, proporcionar infraestructura, integrar APIs: todo ello lo gestionaba el CIO o lo delegaba a un equipo de ciencia de datos. Con la expansi\u00f3n de la IA generativa, la din\u00e1mica ha cambiado: las \u00e1reas funcionales utilizan herramientas de IA de forma aut\u00f3noma, los productos incorporan funcionalidades basadas en IA y los requisitos regulatorios del <a href=\"https:\/\/www.digital-chiefs.de\/es\/ley-de-ia-de-la-ue-2026-que-deben-implementar-ya-las-empresas\/\" target=\"_blank\" rel=\"noopener\">Reglamento de IA de la UE<\/a> exigen estructuras de gobernanza a nivel de consejo de administraci\u00f3n.<\/p>\n<p>En esta nueva realidad surgen preguntas fundamentales: \u00bfQui\u00e9n decide qu\u00e9 sistemas de IA implementar\u00e1 la empresa? \u00bfQui\u00e9n es responsable si un sistema de IA toma decisiones err\u00f3neas? \u00bfQui\u00e9n coordina la estrategia de IA transversalmente entre las distintas unidades de negocio? \u00bfY qui\u00e9n informa al consejo de administraci\u00f3n sobre los riesgos y oportunidades derivados de la IA?<\/p>\n<p>Seg\u00fan un an\u00e1lisis de Riviera Partners, en muchas empresas la titularidad de la IA no est\u00e1 claramente asignada. El resultado: iniciativas paralelas sin coordinaci\u00f3n, priorizaciones contradictorias y una gobernanza de la IA que nadie asume. Gartner refuerza este diagn\u00f3stico: los CDO que para 2026 no puedan demostrar un impacto mensurable a escala empresarial ser\u00e1n integrados en funciones existentes de TI. La figura independiente del CDO se encuentra bajo presi\u00f3n justificativa.<\/p>\n<blockquote style=\"border-left:4px solid #d65663;margin:32px 0;padding:20px 24px;background:#0a1e3d;border-radius:0 8px 8px 0;font-size:1.1em;line-height:1.6;color:#e0e0e0;-webkit-text-fill-color:#e0e0e0;\"><p>\n\u00ab\u00bfQui\u00e9n debe asumir hoy la responsabilidad de la inteligencia? Esta es la pregunta que toda direcci\u00f3n ejecutiva debate. La respuesta no es un \u00fanico cargo, sino un modelo adaptado a la estructura, madurez y ambici\u00f3n de la organizaci\u00f3n\u00bb.<br \/>\n<cite style=\"display:block;margin-top:12px;font-size:0.8em;color:#8090a0;-webkit-text-fill-color:#8090a0;font-style:normal;\">Riviera Partners, \u00abCIO frente a CTO frente a CDO: \u00bfQui\u00e9n debe poseer la inteligencia ahora?\u00bb (2025)<\/cite>\n<\/p><\/blockquote>\n<h2 style=\"margin-top:32px;margin-bottom:16px;\">CIO, CDO, CTO: Las tres perspectivas<\/h2>\n<p><strong>El CIO como propietario de la IA.<\/strong> Puntos fuertes: El CIO controla la infraestructura de TI, los presupuestos en la nube y las plataformas de datos. Tiene el alcance organizativo necesario para desplegar la IA a escala empresarial. Bajo el marco normativo NIS2 y el Reglamento de IA de la UE, ya asume la responsabilidad sobre la seguridad de la informaci\u00f3n y el cumplimiento normativo. La gobernanza de la IA constituye, pues, una extensi\u00f3n natural de esta funci\u00f3n. Puntos d\u00e9biles: Muchos CIO est\u00e1n sobrecargados operativamente. La gesti\u00f3n diaria de los servicios de TI deja poco margen para iniciativas estrat\u00e9gicas de IA. Adem\u00e1s, a muchos CIO les falta la competencia espec\u00edfica en ciencia de datos para tomar decisiones t\u00e9cnicas sobre IA. Si el CIO asume la responsabilidad de la IA, existe el riesgo de que esta se trate como un proyecto t\u00e9cnico m\u00e1s, y no como una transformaci\u00f3n del negocio.<\/p>\n<p><strong>El CDO como propietario de la IA.<\/strong> Puntos fuertes: El CDO es responsable de la estrategia de datos, y sin datos no hay IA. Comprende la calidad de los datos, la <a href=\"https:\/\/mybusinessfuture.com\/daten-governance-mittelstand-praxischeck-dgg\/\" target=\"_blank\" rel=\"noopener\">gobernanza de datos<\/a> y las canalizaciones anal\u00edticas. Muchos CDO han creado equipos de ciencia de datos que aportan la competencia t\u00e9cnica necesaria para la IA. Puntos d\u00e9biles: En muchas empresas, la figura del CDO carece de poder ejecutivo operativo. Los CDO suelen no tener acceso directo a la infraestructura de TI ni al desarrollo de productos. Gartner advierte que los CDO sin un impacto mensurable a escala empresarial perder\u00e1n su raz\u00f3n de ser. Asumir la titularidad de la IA sin acceso a la infraestructura ni a un presupuesto propio es ineficaz.<\/p>\n<p><strong>El CTO como propietario de la IA.<\/strong> Puntos fuertes: En las empresas tecnol\u00f3gicas, el CTO es responsable del desarrollo de productos. Como caracter\u00edstica de producto, la IA pertenece claramente a su \u00e1mbito de competencia. El CTO dispone de los equipos de ingenier\u00eda capaces de integrar y escalar modelos de IA en los productos. Puntos d\u00e9biles: El enfoque del CTO se centra en el producto, no en los procesos internos. Si la IA se utiliza principalmente para mejorar la eficiencia interna (atenci\u00f3n al cliente, selecci\u00f3n de personal, an\u00e1lisis financiero), el CTO no es el propietario adecuado. Adem\u00e1s, en muchas empresas tradicionales la figura del CTO no existe a nivel de direcci\u00f3n ejecutiva.<\/p>\n<h2 style=\"margin-top:32px;margin-bottom:16px;\">Tres modelos pr\u00e1cticos<\/h2>\n<div class=\"evm-stat evm-stat-row\" style=\"display:flex;gap:16px;margin:32px 0;\">\n<div style=\"flex:1;text-align:center;background:#0a1e3d;border-radius:8px;padding:20px 12px;border-top:3px solid #d65663;\">\n<div style=\"font-size:28px;font-weight:700;color:#fff;\">29 %<\/div>\n<div style=\"font-size:12px;color:#b0b8c4;-webkit-text-fill-color:#b0b8c4;margin-top:4px;\">se\u00f1alan la falta de claridad sobre la titularidad de la IA como barrera<\/div>\n<\/div>\n<div style=\"flex:1;text-align:center;background:#0a1e3d;border-radius:8px;padding:20px 12px;border-top:3px solid #d65663;\">\n<div style=\"font-size:28px;font-weight:700;color:#fff;\">49 %<\/div>\n<div style=\"font-size:12px;color:#b0b8c4;-webkit-text-fill-color:#b0b8c4;margin-top:4px;\">a\u00fan ostentan el t\u00edtulo de CIO (empresas F500) (2026)<\/div>\n<\/div>\n<div style=\"flex:1;text-align:center;background:#0a1e3d;border-radius:8px;padding:20px 12px;border-top:3px solid #d65663;\">\n<div style=\"font-size:28px;font-weight:700;color:#fff;\">3<\/div>\n<div style=\"font-size:12px;color:#b0b8c4;-webkit-text-fill-color:#b0b8c4;margin-top:4px;\">modelos de gobernanza disponibles<\/div>\n<\/div>\n<\/div>\n<p style=\"font-size:11px;color:#8090a0;-webkit-text-fill-color:#8090a0;margin-top:8px;text-align:center;\">Fuentes: Riviera Partners 2025, Forrester 2025<\/p>\n<p><strong>Modelo 1: Centralizado bajo el CIO.<\/strong> El CIO asume la responsabilidad sobre la estrategia de IA, la infraestructura, la gobernanza y la escalabilidad. Resulta adecuado para empresas en las que la IA se emplea principalmente para mejorar la eficiencia interna y en las que el CIO ya desempe\u00f1a un papel estrat\u00e9gico s\u00f3lido. Requisito previo: el CIO necesita contar con competencias espec\u00edficas en IA dentro de su equipo, ya sea mediante un \u00abHead of AI\u00bb o un equipo especializado de IA bajo su direcci\u00f3n.<\/p>\n<p><strong>Modelo 2: Federado con un Consejo de Gobernanza de IA.<\/strong> Un consejo de gobernanza de IA interfuncional, compuesto por el CIO, el CDO (si existe), el CTO, el CISO y los responsables de las unidades de negocio, dirige la estrategia de IA. La ejecuci\u00f3n operativa corresponde a las unidades de negocio, mientras que la gobernanza se mantiene centralizada en el consejo. Este modelo es el m\u00e1s flexible y se escala mejor en organizaciones grandes. Requisito previo: derechos de decisi\u00f3n claramente definidos, reuniones peri\u00f3dicas y un l\u00edder de programa de IA dedicado.<\/p>\n<p><strong>Modelo 3: Director Ejecutivo de IA (CAIO) especializado.<\/strong> Una nueva figura a nivel de direcci\u00f3n ejecutiva que asume la responsabilidad sobre la estrategia de IA, su gobernanza, \u00e9tica y escalabilidad. Resulta adecuado para empresas cuyo modelo de negocio se transforma gracias a la IA, y no solo sus procesos. Ventaja: atenci\u00f3n plena y capacidad de imposici\u00f3n. Desventaja: altos costes, superposici\u00f3n de competencias con el CIO y el CDO, y riesgo de crear una estructura paralela.<\/p>\n<h2 style=\"margin-top:32px;margin-bottom:16px;\">Ayuda para decidir: \u00bfQu\u00e9 modelo es el adecuado?<\/h2>\n<p>La elecci\u00f3n depende de tres factores: el grado de madurez en el uso de la IA, la estructura organizativa y la importancia estrat\u00e9gica de la IA para el modelo de negocio.<\/p>\n<p>Las empresas en fase experimental (proyectos piloto, primeros casos de uso) deben comenzar con el Modelo 1: titularidad bajo el CIO, acompa\u00f1ada de un responsable de IA especializado. Esto evita la complejidad organizativa y permite tomar decisiones \u00e1giles.<\/p>\n<p>Las empresas con un uso extendido de la IA en m\u00faltiples unidades de negocio deben optar por el Modelo 2: el consejo de gobernanza federado. Este modelo garantiza la alineaci\u00f3n sin caer en la centralizaci\u00f3n y se escala con la <a href=\"https:\/\/www.digital-chiefs.de\/es\/los-cio-bajo-presion-por-que-el-62-compromete-su-gobernanza-de-la-ia\/\" target=\"_blank\" rel=\"noopener\">creciente adopci\u00f3n de la IA<\/a>.<\/p>\n<p>Las empresas cuyo modelo de negocio se basa en la IA (empresas tecnol\u00f3gicas, <em>startups<\/em> nativas de IA, plataformas digitales) deben considerar el Modelo 3: un CAIO especializado con mandato y presupuesto claros. Para la mayor\u00eda de las empresas tradicionales, un CAIO resulta, en 2026, una figura organizativamente desproporcionada.<\/p>\n<h2 style=\"margin-top:32px;margin-bottom:16px;\">Preguntas frecuentes<\/h2>\n<details style=\"border-bottom:1px solid #e0e0e0;padding:10px 0;\">\n<summary style=\"cursor:pointer;font-size:15px;\"><strong>\u00bfNecesita toda empresa un Director Ejecutivo de IA?<\/strong><\/summary>\n<p style=\"margin:8px 0 4px 8px;\">No. Un CAIO tiene sentido \u00fanicamente en empresas cuyo modelo de negocio se sustenta en la IA. Para la mayor\u00eda de las empresas, basta con un consejo de gobernanza federado o una titularidad de la IA bajo el CIO con un responsable de IA especializado.<\/p>\n<\/details>\n<details style=\"border-bottom:1px solid #e0e0e0;padding:10px 0;\">\n<summary style=\"cursor:pointer;font-size:15px;\"><strong>\u00bfCu\u00e1l es la diferencia entre CIO y CDO en materia de IA?<\/strong><\/summary>\n<p style=\"margin:8px 0 4px 8px;\">El CIO es responsable de la infraestructura de TI, los presupuestos en la nube y los sistemas operativos. El CDO se ocupa de la estrategia de datos, la calidad de los datos y el an\u00e1lisis. En el caso de la IA, las responsabilidades se solapan: la IA requiere tanto infraestructura (CIO) como datos (CDO). La delimitaci\u00f3n debe definirse espec\u00edficamente seg\u00fan la organizaci\u00f3n.<\/p>\n<\/details>\n<details style=\"border-bottom:1px solid #e0e0e0;padding:10px 0;\">\n<summary style=\"cursor:pointer;font-size:15px;\"><strong>\u00bfQu\u00e9 es un modelo federado de gobernanza de IA?<\/strong><\/summary>\n<p style=\"margin:8px 0 4px 8px;\">Un consejo interfuncional compuesto por el CIO, el CDO, el CTO, el CISO y los responsables de las unidades de negocio dirige de forma centralizada la estrategia de IA. La ejecuci\u00f3n operativa queda descentralizada en las unidades de negocio. Un responsable de programa de IA coordina el proceso. Este modelo se escala mejor en organizaciones grandes.<\/p>\n<\/details>\n<details style=\"border-bottom:1px solid #e0e0e0;padding:10px 0;\">\n<summary style=\"cursor:pointer;font-size:15px;\"><strong>\u00bfHace la IA obsoleta la figura del CDO?<\/strong><\/summary>\n<p style=\"margin:8px 0 4px 8px;\">Gartner advierte que los CDO sin impacto a escala empresarial ser\u00e1n absorbidos por las funciones de TI. Sin embargo, la IA refuerza la relevancia de la calidad de los datos y de la estrategia de datos. Los CDO que ampl\u00eden su rol desde el an\u00e1lisis puro hacia la habilitaci\u00f3n de la IA ganar\u00e1n importancia, no se volver\u00e1n obsoletos.<\/p>\n<\/details>\n<details style=\"border-bottom:1px solid #e0e0e0;padding:10px 0;\">\n<summary style=\"cursor:pointer;font-size:15px;\"><strong>\u00bfQui\u00e9n es responsable del cumplimiento normativo en materia de IA seg\u00fan el Reglamento de IA de la UE?<\/strong><\/summary>\n<p style=\"margin:8px 0 4px 8px;\">El Reglamento de IA de la UE distingue entre proveedor y operador de sistemas de IA. La direcci\u00f3n general asume la responsabilidad global. Qui\u00e9n asuma la responsabilidad operativa depender\u00e1 del modelo de gobernanza elegido. En cualquier caso, dicha responsabilidad debe quedar debidamente documentada.<\/p>\n<\/details>\n<div class=\"evm-styled-box\" style=\"background:#fdf0f1;border-radius:8px;padding:20px 24px;margin:24px 0;border-top:3px solid #d65663;\">\n<h2 style=\"margin-top:0;margin-bottom:12px;font-size:1.05em;\">Recomendaciones de lectura de la redacci\u00f3n<\/h2>\n<ul>\n<li><a href=\"https:\/\/mybusinessfuture.com\/ki-paradox-deutschland-deloitte-studie-roi-transformation-2026\/\" target=\"_blank\" rel=\"noopener\">Paradoja de la IA en Alemania: Mucha inversi\u00f3n, poca transformaci\u00f3n<\/a> &#8211; MyBusinessFuture sobre el estudio de Deloitte.<\/li>\n<li><a href=\"https:\/\/mybusinessfuture.com\/change-management-bei-ki-projekten-warum-70-prozent-scheitern-und-was-die-restlichen-30-richtig-machen\/\" target=\"_blank\" rel=\"noopener\">Gesti\u00f3n del cambio en proyectos de IA: Por qu\u00e9 el 70 % fracasa<\/a> &#8211; MyBusinessFuture.<\/li>\n<li><a href=\"https:\/\/www.cloudmagazin.com\/es\/2026\/03\/14\/ki-cloud-kosten-ausser-kontrolle-warum-gpu-workloads-die-it-budgets-2026-sprengen\/\" target=\"_blank\" rel=\"noopener\">Costes de la IA en la nube fuera de control: Por qu\u00e9 las cargas de trabajo en GPU agotan los presupuestos<\/a> &#8211; cloudmagazin.<\/li>\n<\/ul>\n<\/div>\n<div class=\"evm-styled-box\" style=\"background:#fdf0f1;border-radius:8px;padding:20px 24px;margin:24px 0;border-top:3px solid #d65663;\">\n<h2 style=\"margin-top:0;margin-bottom:12px;font-size:1.05em;\">M\u00e1s contenido de la red MBF Media<\/h2>\n<ul>\n<li><a href=\"https:\/\/www.digital-chiefs.de\/es\/solo-el-2-por-que-los-ceos-alemanes-no-convierten-la-ia-en-asunto-de-direccion\/\" target=\"_blank\" rel=\"noopener\">Solo el 2 %: \u00bfPor qu\u00e9 los CEOs alemanes no convierten la IA en un asunto de m\u00e1xima prioridad?<\/a> &#8211; Digital Chiefs<\/li>\n<li><a href=\"https:\/\/mybusinessfuture.com\/agentic-ai-roi-2026-warum-171-prozent-return-nur-der-anfang-sind\/\" target=\"_blank\" rel=\"noopener\">Retorno de la inversi\u00f3n de la IA agente en 2026: \u00bfPor qu\u00e9 un 171 % de ROI es solo el comienzo?<\/a> &#8211; MyBusinessFuture<\/li>\n<\/ul>\n<\/div>\n<p><em>Fuente de imagen: RDNE Stock project \/ Pexels<\/em><\/p>\n","protected":false},"excerpt":{"rendered":"<p>4 min de lectura \u00bfQui\u00e9n es responsable de la inteligencia artificial en la empresa? \u00bfEl CIO, que gestiona la infraestructura? \u00bfEl CDO, encargado de la estrategia de datos? \u00bfEl CTO, que dirige el desarrollo de productos? En muchas organizaciones, la responsabilidad no est\u00e1 claramente definida, y eso se ha convertido en un problema. Porque sin [&hellip;]<\/p>\n","protected":false},"author":114,"featured_media":12758,"comment_status":"closed","ping_status":"closed","sticky":false,"template":"","format":"standard","meta":{"_yoast_wpseo_focuskw":"ia?","_yoast_wpseo_title":"IA: Gu\u00eda para entender CIO, CDO y CTO","_yoast_wpseo_metadesc":"IA en la empresa: descubre qui\u00e9n debe liderarla, CIO, CDO o CTO. Aclara responsabilidades y optimiza tu estrategia tecnol\u00f3gica. Lee la comparativa completa.","_yoast_wpseo_opengraph-image":"","_yoast_wpseo_opengraph-image-id":0,"_yoast_wpseo_twitter-image":"","_yoast_wpseo_twitter-image-id":0,"pre_headline":"","bildquelle":"","teasertext":"","language":"de","footnotes":""},"categories":[645,672,644,695],"tags":[],"class_list":{"0":"post-14938","1":"post","2":"type-post","3":"status-publish","4":"format-standard","5":"has-post-thumbnail","6":"hentry","7":"category-new-work-leadership","8":"category-new-work-liderazgo","9":"category-reboot-germany","11":"entry"},"wpml_language":"es","wpml_translation_of":12759,"yoast_head":"<!-- This site is optimized with the Yoast SEO plugin v27.1.1 - https:\/\/yoast.com\/product\/yoast-seo-wordpress\/ -->\n<title>IA: Gu\u00eda para entender CIO, CDO y CTO<\/title>\n<meta name=\"description\" content=\"IA en la empresa: descubre qui\u00e9n debe liderarla, CIO, CDO o CTO. Aclara responsabilidades y optimiza tu estrategia tecnol\u00f3gica. Lee la comparativa completa.\" \/>\n<meta name=\"robots\" content=\"index, follow, max-snippet:-1, max-image-preview:large, max-video-preview:-1\" \/>\n<link rel=\"canonical\" href=\"https:\/\/www.digital-chiefs.de\/es\/quien-posee-la-ia-comparativa-entre-cio-cdo-y-cto\/\" \/>\n<meta property=\"og:locale\" content=\"es_ES\" \/>\n<meta property=\"og:type\" content=\"article\" \/>\n<meta property=\"og:title\" content=\"IA: Gu\u00eda para entender CIO, CDO y CTO\" \/>\n<meta property=\"og:description\" content=\"IA en la empresa: descubre qui\u00e9n debe liderarla, CIO, CDO o CTO. Aclara responsabilidades y optimiza tu estrategia tecnol\u00f3gica. Lee la comparativa completa.\" \/>\n<meta property=\"og:url\" content=\"https:\/\/www.digital-chiefs.de\/es\/quien-posee-la-ia-comparativa-entre-cio-cdo-y-cto\/\" \/>\n<meta property=\"og:site_name\" content=\"Digital Chiefs\" \/>\n<meta property=\"article:publisher\" content=\"https:\/\/www.facebook.com\/digitalchiefs\/\" \/>\n<meta property=\"article:published_time\" content=\"2026-02-28T09:15:00+00:00\" \/>\n<meta property=\"article:modified_time\" content=\"2026-04-04T08:57:55+00:00\" \/>\n<meta property=\"og:image\" content=\"https:\/\/www.digital-chiefs.de\/wp-content\/uploads\/2026\/03\/pexels-7580644.jpg\" \/>\n\t<meta property=\"og:image:width\" content=\"1880\" \/>\n\t<meta property=\"og:image:height\" content=\"1253\" \/>\n\t<meta property=\"og:image:type\" content=\"image\/jpeg\" \/>\n<meta name=\"author\" content=\"Tobias Massow\" \/>\n<meta name=\"twitter:card\" content=\"summary_large_image\" \/>\n<meta name=\"twitter:creator\" content=\"@digital_chiefs\" \/>\n<meta name=\"twitter:site\" content=\"@digital_chiefs\" \/>\n<meta name=\"twitter:label1\" content=\"Escrito por\" \/>\n\t<meta name=\"twitter:data1\" content=\"Tobias Massow\" \/>\n\t<meta name=\"twitter:label2\" content=\"Tiempo de lectura\" \/>\n\t<meta name=\"twitter:data2\" content=\"9 minutos\" \/>\n<script type=\"application\/ld+json\" class=\"yoast-schema-graph\">{\"@context\":\"https:\/\/schema.org\",\"@graph\":[{\"@type\":\"NewsArticle\",\"@id\":\"https:\/\/www.digital-chiefs.de\/es\/quien-posee-la-ia-comparativa-entre-cio-cdo-y-cto\/#article\",\"isPartOf\":{\"@id\":\"https:\/\/www.digital-chiefs.de\/es\/quien-posee-la-ia-comparativa-entre-cio-cdo-y-cto\/\"},\"author\":{\"name\":\"Tobias Massow\",\"@id\":\"https:\/\/www.digital-chiefs.de\/es\/#\/schema\/person\/7a9e40318a8c36352e7a694f6df4d5c8\"},\"headline\":\"\u00bfQui\u00e9n posee la IA? Comparativa entre CIO, CDO y CTO\",\"datePublished\":\"2026-02-28T09:15:00+00:00\",\"dateModified\":\"2026-04-04T08:57:55+00:00\",\"mainEntityOfPage\":{\"@id\":\"https:\/\/www.digital-chiefs.de\/es\/quien-posee-la-ia-comparativa-entre-cio-cdo-y-cto\/\"},\"wordCount\":1869,\"publisher\":{\"@id\":\"https:\/\/www.digital-chiefs.de\/es\/#organization\"},\"image\":{\"@id\":\"https:\/\/www.digital-chiefs.de\/es\/quien-posee-la-ia-comparativa-entre-cio-cdo-y-cto\/#primaryimage\"},\"thumbnailUrl\":\"https:\/\/www.digital-chiefs.de\/wp-content\/uploads\/2026\/03\/pexels-7580644.jpg\",\"articleSection\":[\"New Work y Liderazgo\",\"New Work y liderazgo\",\"Reboot Germany\",\"Reboot Germany\"],\"inLanguage\":\"es\"},{\"@type\":\"WebPage\",\"@id\":\"https:\/\/www.digital-chiefs.de\/es\/quien-posee-la-ia-comparativa-entre-cio-cdo-y-cto\/\",\"url\":\"https:\/\/www.digital-chiefs.de\/es\/quien-posee-la-ia-comparativa-entre-cio-cdo-y-cto\/\",\"name\":\"IA: Gu\u00eda para entender CIO, CDO y CTO\",\"isPartOf\":{\"@id\":\"https:\/\/www.digital-chiefs.de\/es\/#website\"},\"primaryImageOfPage\":{\"@id\":\"https:\/\/www.digital-chiefs.de\/es\/quien-posee-la-ia-comparativa-entre-cio-cdo-y-cto\/#primaryimage\"},\"image\":{\"@id\":\"https:\/\/www.digital-chiefs.de\/es\/quien-posee-la-ia-comparativa-entre-cio-cdo-y-cto\/#primaryimage\"},\"thumbnailUrl\":\"https:\/\/www.digital-chiefs.de\/wp-content\/uploads\/2026\/03\/pexels-7580644.jpg\",\"datePublished\":\"2026-02-28T09:15:00+00:00\",\"dateModified\":\"2026-04-04T08:57:55+00:00\",\"description\":\"IA en la empresa: descubre qui\u00e9n debe liderarla, CIO, CDO o CTO. Aclara responsabilidades y optimiza tu estrategia tecnol\u00f3gica. Lee la comparativa completa.\",\"breadcrumb\":{\"@id\":\"https:\/\/www.digital-chiefs.de\/es\/quien-posee-la-ia-comparativa-entre-cio-cdo-y-cto\/#breadcrumb\"},\"inLanguage\":\"es\",\"potentialAction\":[{\"@type\":\"ReadAction\",\"target\":[\"https:\/\/www.digital-chiefs.de\/es\/quien-posee-la-ia-comparativa-entre-cio-cdo-y-cto\/\"]}]},{\"@type\":\"ImageObject\",\"inLanguage\":\"es\",\"@id\":\"https:\/\/www.digital-chiefs.de\/es\/quien-posee-la-ia-comparativa-entre-cio-cdo-y-cto\/#primaryimage\",\"url\":\"https:\/\/www.digital-chiefs.de\/wp-content\/uploads\/2026\/03\/pexels-7580644.jpg\",\"contentUrl\":\"https:\/\/www.digital-chiefs.de\/wp-content\/uploads\/2026\/03\/pexels-7580644.jpg\",\"width\":1880,\"height\":1253,\"caption\":\"Symbolbild: thematischem Bezug zum Beitrag im redaktionellen Magazinkontext\"},{\"@type\":\"BreadcrumbList\",\"@id\":\"https:\/\/www.digital-chiefs.de\/es\/quien-posee-la-ia-comparativa-entre-cio-cdo-y-cto\/#breadcrumb\",\"itemListElement\":[{\"@type\":\"ListItem\",\"position\":1,\"name\":\"Startseite\",\"item\":\"https:\/\/www.digital-chiefs.de\/es\/inicio\/\"},{\"@type\":\"ListItem\",\"position\":2,\"name\":\"\u00bfQui\u00e9n posee la IA? Comparativa entre CIO, CDO y CTO\"}]},{\"@type\":\"WebSite\",\"@id\":\"https:\/\/www.digital-chiefs.de\/es\/#website\",\"url\":\"https:\/\/www.digital-chiefs.de\/es\/\",\"name\":\"Digital Chiefs\",\"description\":\"Architekten des digitalen Deutschlands\",\"publisher\":{\"@id\":\"https:\/\/www.digital-chiefs.de\/es\/#organization\"},\"potentialAction\":[{\"@type\":\"SearchAction\",\"target\":{\"@type\":\"EntryPoint\",\"urlTemplate\":\"https:\/\/www.digital-chiefs.de\/es\/?s={search_term_string}\"},\"query-input\":{\"@type\":\"PropertyValueSpecification\",\"valueRequired\":true,\"valueName\":\"search_term_string\"}}],\"inLanguage\":\"es\"},{\"@type\":\"Organization\",\"@id\":\"https:\/\/www.digital-chiefs.de\/es\/#organization\",\"name\":\"Digital Chiefs\",\"url\":\"https:\/\/www.digital-chiefs.de\/es\/\",\"logo\":{\"@type\":\"ImageObject\",\"inLanguage\":\"es\",\"@id\":\"https:\/\/www.digital-chiefs.de\/es\/#\/schema\/logo\/image\/\",\"url\":\"https:\/\/www.digital-chiefs.de\/wp-content\/uploads\/2020\/05\/cropped-digital-chiefs-logo-klein.jpg\",\"contentUrl\":\"https:\/\/www.digital-chiefs.de\/wp-content\/uploads\/2020\/05\/cropped-digital-chiefs-logo-klein.jpg\",\"width\":190,\"height\":190,\"caption\":\"Digital Chiefs\"},\"image\":{\"@id\":\"https:\/\/www.digital-chiefs.de\/es\/#\/schema\/logo\/image\/\"},\"sameAs\":[\"https:\/\/www.facebook.com\/digitalchiefs\/\",\"https:\/\/x.com\/digital_chiefs\",\"https:\/\/www.linkedin.com\/company\/digital-chiefs\/\"]},{\"@type\":\"Person\",\"@id\":\"https:\/\/www.digital-chiefs.de\/es\/#\/schema\/person\/7a9e40318a8c36352e7a694f6df4d5c8\",\"name\":\"Tobias Massow\",\"description\":\"Tobias Massow ist Gesch\u00e4ftsf\u00fchrer der Evernine Media GmbH und Herausgeber von Digital Chiefs. Er verantwortet die strategische Ausrichtung des Magazins und des MBF Media Netzwerks.\",\"sameAs\":[\"https:\/\/www.linkedin.com\/in\/tobias-massow\/\"],\"url\":\"https:\/\/www.digital-chiefs.de\/es\/author\/tobias\/\"}]}<\/script>\n<!-- \/ Yoast SEO plugin. -->","yoast_head_json":{"title":"IA: Gu\u00eda para entender CIO, CDO y CTO","description":"IA en la empresa: descubre qui\u00e9n debe liderarla, CIO, CDO o CTO. Aclara responsabilidades y optimiza tu estrategia tecnol\u00f3gica. Lee la comparativa completa.","robots":{"index":"index","follow":"follow","max-snippet":"max-snippet:-1","max-image-preview":"max-image-preview:large","max-video-preview":"max-video-preview:-1"},"canonical":"https:\/\/www.digital-chiefs.de\/es\/quien-posee-la-ia-comparativa-entre-cio-cdo-y-cto\/","og_locale":"es_ES","og_type":"article","og_title":"IA: Gu\u00eda para entender CIO, CDO y CTO","og_description":"IA en la empresa: descubre qui\u00e9n debe liderarla, CIO, CDO o CTO. Aclara responsabilidades y optimiza tu estrategia tecnol\u00f3gica. Lee la comparativa completa.","og_url":"https:\/\/www.digital-chiefs.de\/es\/quien-posee-la-ia-comparativa-entre-cio-cdo-y-cto\/","og_site_name":"Digital Chiefs","article_publisher":"https:\/\/www.facebook.com\/digitalchiefs\/","article_published_time":"2026-02-28T09:15:00+00:00","article_modified_time":"2026-04-04T08:57:55+00:00","og_image":[{"width":1880,"height":1253,"url":"https:\/\/www.digital-chiefs.de\/wp-content\/uploads\/2026\/03\/pexels-7580644.jpg","type":"image\/jpeg"}],"author":"Tobias Massow","twitter_card":"summary_large_image","twitter_creator":"@digital_chiefs","twitter_site":"@digital_chiefs","twitter_misc":{"Escrito por":"Tobias Massow","Tiempo de lectura":"9 minutos"},"schema":{"@context":"https:\/\/schema.org","@graph":[{"@type":"NewsArticle","@id":"https:\/\/www.digital-chiefs.de\/es\/quien-posee-la-ia-comparativa-entre-cio-cdo-y-cto\/#article","isPartOf":{"@id":"https:\/\/www.digital-chiefs.de\/es\/quien-posee-la-ia-comparativa-entre-cio-cdo-y-cto\/"},"author":{"name":"Tobias Massow","@id":"https:\/\/www.digital-chiefs.de\/es\/#\/schema\/person\/7a9e40318a8c36352e7a694f6df4d5c8"},"headline":"\u00bfQui\u00e9n posee la IA? Comparativa entre CIO, CDO y CTO","datePublished":"2026-02-28T09:15:00+00:00","dateModified":"2026-04-04T08:57:55+00:00","mainEntityOfPage":{"@id":"https:\/\/www.digital-chiefs.de\/es\/quien-posee-la-ia-comparativa-entre-cio-cdo-y-cto\/"},"wordCount":1869,"publisher":{"@id":"https:\/\/www.digital-chiefs.de\/es\/#organization"},"image":{"@id":"https:\/\/www.digital-chiefs.de\/es\/quien-posee-la-ia-comparativa-entre-cio-cdo-y-cto\/#primaryimage"},"thumbnailUrl":"https:\/\/www.digital-chiefs.de\/wp-content\/uploads\/2026\/03\/pexels-7580644.jpg","articleSection":["New Work y Liderazgo","New Work y liderazgo","Reboot Germany","Reboot Germany"],"inLanguage":"es"},{"@type":"WebPage","@id":"https:\/\/www.digital-chiefs.de\/es\/quien-posee-la-ia-comparativa-entre-cio-cdo-y-cto\/","url":"https:\/\/www.digital-chiefs.de\/es\/quien-posee-la-ia-comparativa-entre-cio-cdo-y-cto\/","name":"IA: Gu\u00eda para entender CIO, CDO y CTO","isPartOf":{"@id":"https:\/\/www.digital-chiefs.de\/es\/#website"},"primaryImageOfPage":{"@id":"https:\/\/www.digital-chiefs.de\/es\/quien-posee-la-ia-comparativa-entre-cio-cdo-y-cto\/#primaryimage"},"image":{"@id":"https:\/\/www.digital-chiefs.de\/es\/quien-posee-la-ia-comparativa-entre-cio-cdo-y-cto\/#primaryimage"},"thumbnailUrl":"https:\/\/www.digital-chiefs.de\/wp-content\/uploads\/2026\/03\/pexels-7580644.jpg","datePublished":"2026-02-28T09:15:00+00:00","dateModified":"2026-04-04T08:57:55+00:00","description":"IA en la empresa: descubre qui\u00e9n debe liderarla, CIO, CDO o CTO. Aclara responsabilidades y optimiza tu estrategia tecnol\u00f3gica. Lee la comparativa completa.","breadcrumb":{"@id":"https:\/\/www.digital-chiefs.de\/es\/quien-posee-la-ia-comparativa-entre-cio-cdo-y-cto\/#breadcrumb"},"inLanguage":"es","potentialAction":[{"@type":"ReadAction","target":["https:\/\/www.digital-chiefs.de\/es\/quien-posee-la-ia-comparativa-entre-cio-cdo-y-cto\/"]}]},{"@type":"ImageObject","inLanguage":"es","@id":"https:\/\/www.digital-chiefs.de\/es\/quien-posee-la-ia-comparativa-entre-cio-cdo-y-cto\/#primaryimage","url":"https:\/\/www.digital-chiefs.de\/wp-content\/uploads\/2026\/03\/pexels-7580644.jpg","contentUrl":"https:\/\/www.digital-chiefs.de\/wp-content\/uploads\/2026\/03\/pexels-7580644.jpg","width":1880,"height":1253,"caption":"Symbolbild: thematischem Bezug zum Beitrag im redaktionellen Magazinkontext"},{"@type":"BreadcrumbList","@id":"https:\/\/www.digital-chiefs.de\/es\/quien-posee-la-ia-comparativa-entre-cio-cdo-y-cto\/#breadcrumb","itemListElement":[{"@type":"ListItem","position":1,"name":"Startseite","item":"https:\/\/www.digital-chiefs.de\/es\/inicio\/"},{"@type":"ListItem","position":2,"name":"\u00bfQui\u00e9n posee la IA? Comparativa entre CIO, CDO y CTO"}]},{"@type":"WebSite","@id":"https:\/\/www.digital-chiefs.de\/es\/#website","url":"https:\/\/www.digital-chiefs.de\/es\/","name":"Digital Chiefs","description":"Architekten des digitalen Deutschlands","publisher":{"@id":"https:\/\/www.digital-chiefs.de\/es\/#organization"},"potentialAction":[{"@type":"SearchAction","target":{"@type":"EntryPoint","urlTemplate":"https:\/\/www.digital-chiefs.de\/es\/?s={search_term_string}"},"query-input":{"@type":"PropertyValueSpecification","valueRequired":true,"valueName":"search_term_string"}}],"inLanguage":"es"},{"@type":"Organization","@id":"https:\/\/www.digital-chiefs.de\/es\/#organization","name":"Digital Chiefs","url":"https:\/\/www.digital-chiefs.de\/es\/","logo":{"@type":"ImageObject","inLanguage":"es","@id":"https:\/\/www.digital-chiefs.de\/es\/#\/schema\/logo\/image\/","url":"https:\/\/www.digital-chiefs.de\/wp-content\/uploads\/2020\/05\/cropped-digital-chiefs-logo-klein.jpg","contentUrl":"https:\/\/www.digital-chiefs.de\/wp-content\/uploads\/2020\/05\/cropped-digital-chiefs-logo-klein.jpg","width":190,"height":190,"caption":"Digital Chiefs"},"image":{"@id":"https:\/\/www.digital-chiefs.de\/es\/#\/schema\/logo\/image\/"},"sameAs":["https:\/\/www.facebook.com\/digitalchiefs\/","https:\/\/x.com\/digital_chiefs","https:\/\/www.linkedin.com\/company\/digital-chiefs\/"]},{"@type":"Person","@id":"https:\/\/www.digital-chiefs.de\/es\/#\/schema\/person\/7a9e40318a8c36352e7a694f6df4d5c8","name":"Tobias Massow","description":"Tobias Massow ist Gesch\u00e4ftsf\u00fchrer der Evernine Media GmbH und Herausgeber von Digital Chiefs. Er verantwortet die strategische Ausrichtung des Magazins und des MBF Media Netzwerks.","sameAs":["https:\/\/www.linkedin.com\/in\/tobias-massow\/"],"url":"https:\/\/www.digital-chiefs.de\/es\/author\/tobias\/"}]}},"_links":{"self":[{"href":"https:\/\/www.digital-chiefs.de\/es\/wp-json\/wp\/v2\/posts\/14938","targetHints":{"allow":["GET"]}}],"collection":[{"href":"https:\/\/www.digital-chiefs.de\/es\/wp-json\/wp\/v2\/posts"}],"about":[{"href":"https:\/\/www.digital-chiefs.de\/es\/wp-json\/wp\/v2\/types\/post"}],"author":[{"embeddable":true,"href":"https:\/\/www.digital-chiefs.de\/es\/wp-json\/wp\/v2\/users\/114"}],"replies":[{"embeddable":true,"href":"https:\/\/www.digital-chiefs.de\/es\/wp-json\/wp\/v2\/comments?post=14938"}],"version-history":[{"count":1,"href":"https:\/\/www.digital-chiefs.de\/es\/wp-json\/wp\/v2\/posts\/14938\/revisions"}],"predecessor-version":[{"id":14939,"href":"https:\/\/www.digital-chiefs.de\/es\/wp-json\/wp\/v2\/posts\/14938\/revisions\/14939"}],"wp:featuredmedia":[{"embeddable":true,"href":"https:\/\/www.digital-chiefs.de\/es\/wp-json\/wp\/v2\/media\/12758"}],"wp:attachment":[{"href":"https:\/\/www.digital-chiefs.de\/es\/wp-json\/wp\/v2\/media?parent=14938"}],"wp:term":[{"taxonomy":"category","embeddable":true,"href":"https:\/\/www.digital-chiefs.de\/es\/wp-json\/wp\/v2\/categories?post=14938"},{"taxonomy":"post_tag","embeddable":true,"href":"https:\/\/www.digital-chiefs.de\/es\/wp-json\/wp\/v2\/tags?post=14938"}],"curies":[{"name":"wp","href":"https:\/\/api.w.org\/{rel}","templated":true}]}}