{"id":15162,"date":"2026-04-01T09:30:00","date_gmt":"2026-04-01T07:30:00","guid":{"rendered":"https:\/\/www.digital-chiefs.de\/la-ia-generativa-erosiona-el-pensamiento-critico-por-que-la-mitad-de-todas-las-o\/"},"modified":"2026-04-24T19:22:31","modified_gmt":"2026-04-24T17:22:31","slug":"la-ia-generativa-erosiona-el-pensamiento-critico-por-que-la-mitad-de-todas-las-o","status":"publish","type":"post","link":"https:\/\/www.digital-chiefs.de\/es\/la-ia-generativa-erosiona-el-pensamiento-critico-por-que-la-mitad-de-todas-las-o\/","title":{"rendered":"La IA generativa erosiona el pensamiento cr\u00edtico: \u00bfPor qu\u00e9 la mitad de todas las organizaciones planea pruebas libres de IA?"},"content":{"rendered":"<p style=\"display:inline-block;background:#d65663;color:#fff;padding:4px 14px;border-radius:20px;font-size:0.85em;margin-bottom:18px;\">7 min de lectura<\/p>\n<p><strong>La IA generativa aumenta la productividad. Eso est\u00e1 demostrado. Pero existe un efecto secundario que falta en la mayor\u00eda de los casos de negocio: la capacidad de pensar de forma independiente disminuye. Gartner pronostica que, para finales de 2026, la mitad de todas las organizaciones del mundo introducir\u00e1 \u00abpruebas libres de IA\u00bb para evaluar competencias  &#8211;  porque ya no est\u00e1n seguras de que sus empleados puedan tomar decisiones v\u00e1lidas sin la ayuda de un copiloto. La inc\u00f3moda pregunta para todo CIO que actualmente est\u00e1 desplegando IA generativa: \u00bfy si las ganancias de productividad de hoy cuestan la capacidad de razonamiento de ma\u00f1ana?<\/strong><\/p>\n<h2>En resumen<\/h2>\n<div style=\"background:#fafafa;border-left:4px solid #d65663;padding:20px 24px;margin:16px 0 32px 0;border-radius:4px;\">\n<ul>\n<li><strong>El 50 % planea pruebas libres de IA:<\/strong> Gartner pronostica que la mitad de las organizaciones introducir\u00e1 evaluaciones de competencias sin soporte de IA para finales de 2026 (<a href=\"https:\/\/www.gartner.com\/en\/newsroom\/press-releases\/2025-10-21-gartner-unveils-top-predictions-for-it-organizations-and-users-in-2026-and-beyond\" target=\"_blank\" rel=\"noopener\">Gartner Strategic Predictions, octubre de 2025<\/a>).<\/li>\n<li><strong>El pensamiento cr\u00edtico bajo presi\u00f3n:<\/strong> La atrofia de las capacidades anal\u00edticas provocada por el uso de IA generativa es el detonante. Quien pide diariamente res\u00famenes a la IA pierde progresivamente la habilidad de elaborarlos por s\u00ed mismo.<\/li>\n<li><strong>El 87 % ya presenta brechas de competencias:<\/strong> McKinsey revela que el 43 % de las organizaciones ya tiene brechas existentes de competencias y otro 44 % las espera en los pr\u00f3ximos cinco a\u00f1os.<\/li>\n<li><strong>El 90 % apuesta por la contrataci\u00f3n basada en competencias:<\/strong> Para 2027, el 90 % de los CIO implementar\u00e1 estrategias de talento centradas en competencias, frente al 46 % actual (Gartner).<\/li>\n<li><strong>Un riesgo de 5,5 billones de d\u00f3lares estadounidenses:<\/strong> La crisis de competencias TI amenaza potencialmente 5,5 billones de d\u00f3lares estadounidenses en valor a\u00f1adido para 2026 debido a transformaciones retrasadas y oportunidades perdidas.<\/li>\n<\/ul>\n<\/div>\n<h2 style=\"margin-top:32px;margin-bottom:16px;\">La tesis: la IA generativa hace m\u00e1s productivos  &#8211;  y, al mismo tiempo, m\u00e1s dependientes<\/h2>\n<p>Las <a href=\"https:\/\/www.gartner.com\/en\/articles\/strategic-predictions-for-2026\" target=\"_blank\" rel=\"noopener\">Predicciones Estrat\u00e9gicas de Gartner de octubre de 2025<\/a> lo formulan con frialdad: el uso de IA generativa provoca la atrofia de capacidades de pensamiento cr\u00edtico. Por ello, el 50 % de las organizaciones globales exigir\u00e1 evaluaciones de competencias libres de IA. Es una de las pocas predicciones de Gartner que no contiene ninguna promesa tecnol\u00f3gica, sino una advertencia.<\/p>\n<p><strong>\u00bfQu\u00e9 significa la atrofia de competencias inducida por la IA?<\/strong> La atrofia de competencias describe la p\u00e9rdida gradual de habilidades que ya no se ejercitan de forma regular. Si un analista utiliza diariamente IA generativa para redactar res\u00famenes, presentaciones y propuestas de decisi\u00f3n, est\u00e1 entrenando su capacidad para operar la IA  &#8211;  no su capacidad de an\u00e1lisis profundo del tema. El resultado tras 12 a 18 meses: la capacidad de an\u00e1lisis independiente es medible y significativamente m\u00e1s d\u00e9bil.<\/p>\n<p>Esto no es un fen\u00f3meno marginal. El an\u00e1lisis de CIO Dive sobre las predicciones de Gartner <a href=\"https:\/\/www.ciodive.com\/news\/gartner-top-predictions-skills-loss\/803409\/\" target=\"_blank\" rel=\"noopener\">lo expresa con claridad<\/a>: \u00abLa IA nos est\u00e1 robando las competencias\u00bb  &#8211;  un efecto secundario conductual de la tecnolog\u00eda, no un defecto t\u00e9cnico. El copiloto funciona perfectamente. El problema est\u00e1 sentado ante la pantalla.<\/p>\n<h2 style=\"margin-top:32px;margin-bottom:16px;\">El 87 % con brechas de competencias: una brecha que se agrava<\/h2>\n<p>La atrofia de competencias inducida por la IA se produce en un contexto ya tenso. Los datos de McKinsey muestran que el 87 % de las organizaciones ya tiene brechas de competencias existentes (43 %) o las prev\u00e9 en los pr\u00f3ximos cinco a\u00f1os (44 %). Se estima que la crisis de competencias TI afectar\u00e1, para 2026, al 90 % de todas las organizaciones del mundo.<\/p>\n<p>El da\u00f1o econ\u00f3mico es cuantificable: 5,5 billones de d\u00f3lares estadounidenses en valor a\u00f1adido potencial est\u00e1n en peligro  &#8211;  debido a transformaciones retrasadas, proyectos fallidos y oportunidades de mercado perdidas. No se trata de una predicci\u00f3n del futuro lejano. Es la realidad que se manifiesta en ciclos prolongados de time-to-market, costes crecientes de los proyectos y una dependencia cada vez mayor de consultores externos.<\/p>\n<div style=\"margin:32px 0;display:flex;gap:0;border-radius:12px;overflow:hidden;\">\n<div style=\"flex:1;text-align:center;background:#05122D;padding:28px 16px;border-right:1px solid #0a1e3d;\">\n<div style=\"font-size:0.7em;text-transform:uppercase;letter-spacing:2px;color:#d65663;-webkit-text-fill-color:#d65663;margin-bottom:8px;\">Pron\u00f3stico de Gartner para 2026<\/div>\n<div style=\"font-size:clamp(1.8em,6vw,2.8em);font-weight:800;color:#fff;-webkit-text-fill-color:#fff;line-height:1;\">50 %<\/div>\n<div style=\"font-size:0.85em;margin-top:6px;color:#b0b8c4;-webkit-text-fill-color:#b0b8c4;line-height:1.4;\">planean pruebas de competencias libres de IA<\/div>\n<\/div>\n<div style=\"flex:1;text-align:center;background:#05122D;padding:28px 16px;border-right:1px solid #0a1e3d;\">\n<div style=\"font-size:0.7em;text-transform:uppercase;letter-spacing:2px;color:#d65663;-webkit-text-fill-color:#d65663;margin-bottom:8px;\">Brecha de competencias de McKinsey<\/div>\n<div style=\"font-size:clamp(1.8em,6vw,2.8em);font-weight:800;color:#fff;-webkit-text-fill-color:#fff;line-height:1;\">87 %<\/div>\n<div style=\"font-size:0.85em;margin-top:6px;color:#b0b8c4;-webkit-text-fill-color:#b0b8c4;line-height:1.4;\">tienen o esperan brechas de competencias<\/div>\n<\/div>\n<div style=\"flex:1;text-align:center;background:#05122D;padding:28px 16px;\">\n<div style=\"font-size:0.7em;text-transform:uppercase;letter-spacing:2px;color:#d65663;-webkit-text-fill-color:#d65663;margin-bottom:8px;\">CIO hasta 2027<\/div>\n<div style=\"font-size:clamp(1.8em,6vw,2.8em);font-weight:800;color:#fff;-webkit-text-fill-color:#fff;line-height:1;\">90 %<\/div>\n<div style=\"font-size:0.85em;margin-top:6px;color:#b0b8c4;-webkit-text-fill-color:#b0b8c4;line-height:1.4;\">aplican la contrataci\u00f3n basada en competencias<\/div>\n<\/div>\n<\/div>\n<p style=\"text-align:center;font-size:0.8em;color:#888;margin-top:-20px;\">Fuentes: Gartner Strategic Predictions (2025), Encuesta de brecha de competencias de McKinsey, Encuesta de CIO de Gartner (2025)<\/p>\n<p>La iron\u00eda: la IA se emplea como soluci\u00f3n a la escasez de talento especializado. \u00abLa IA potenciar\u00e1 al 50 % de los trabajadores de oficina hasta 2026\u00bb, pronostica Gartner. Eso es cierto. Pero la potenciaci\u00f3n y la sustituci\u00f3n de la capacidad de razonamiento no son lo mismo. Quien proporciona IA generativa a su equipo para cubrir brechas de capacidad y, al mismo tiempo, permite que se erosione su capacidad de pensamiento independiente, intercambia un problema a corto plazo por uno a largo plazo.<\/p>\n<h2 style=\"margin-top:32px;margin-bottom:16px;\">Los tres sectores en los que la situaci\u00f3n se vuelve cr\u00edtica primero<\/h2>\n<p><strong>Sector financiero:<\/strong> La evaluaci\u00f3n de riesgos, la interpretaci\u00f3n de normativas de cumplimiento y las decisiones crediticias requieren un juicio que no puede automatizarse. Si los analistas est\u00e1n acostumbrados a que la IA les prepare las evaluaciones de riesgo, pierden la intuici\u00f3n para detectar anomal\u00edas  &#8211;  justamente esa intuici\u00f3n que se basa en a\u00f1os de an\u00e1lisis independiente. Los reguladores de la UE exigir\u00e1n pruebas de estr\u00e9s libres de IA para procesos cr\u00edticos de toma de decisiones. DORA y la Ley de IA de la UE ofrecen la base jur\u00eddica.<\/p>\n<p><strong>Sanidad:<\/strong> En estudios, los sistemas de IA para diagn\u00f3stico alcanzan tasas de acierto superiores a las de los radi\u00f3logos. Pero \u00bfqu\u00e9 ocurre si el m\u00e9dico encargado de revisar la recomendaci\u00f3n de la IA carece ya de la competencia necesaria para cuestionarla? La FDA y la EMA ya debaten requisitos sobre la competencia humana de revisi\u00f3n como criterio de autorizaci\u00f3n para dispositivos m\u00e9dicos basados en IA.<\/p>\n<p><strong>Derecho:<\/strong> Los asistentes de IA jur\u00eddicos aceleran notablemente la diligencia debida y el an\u00e1lisis de contratos. El reverso de la moneda: los asociados junior que trabajan principalmente con borradores generados por IA no desarrollan la misma profundidad de razonamiento jur\u00eddico que sus predecesores. Despachos ya informan de problemas de calidad en escritos elaborados de forma independiente. El hallazgo es coherente en todos los sectores: la primera generaci\u00f3n que trabaja \u00edntegramente con IA generativa desarrolla una competencia t\u00e9cnica profunda  &#8211;  pero una competencia disciplinar m\u00e1s superficial. Y, en sectores regulados, precisamente esta competencia disciplinar se convierte en un riesgo de responsabilidad.<\/p>\n<h2 style=\"margin-top:32px;margin-bottom:16px;\">La postura opuesta: \u00bfEs el miedo exagerado?<\/h2>\n<p>Los defensores del uso incontrolado de la IA argumentan: las calculadoras no destruyeron el pensamiento matem\u00e1tico. El GPS no elimin\u00f3 la capacidad de orientaci\u00f3n. La IA generativa no sustituir\u00e1 el pensamiento cr\u00edtico, sino que lo transformar\u00e1. La competencia central se desplaza de \u00abrealizar el an\u00e1lisis personalmente\u00bb a \u00abformular la pregunta adecuada y evaluar cr\u00edticamente la respuesta de la IA\u00bb.<\/p>\n<p>Este argumento tiene fundamento. La capacidad de evaluar cr\u00edticamente la salida de la IA y formular correctamente los <em>prompts<\/em> es una nueva competencia que debe entrenarse. La cuesti\u00f3n es: \u00bfse puede evaluar cr\u00edticamente la salida de la IA si nunca se ha dominado de forma independiente la disciplina subyacente? Un analista experimentado que utiliza IA dispone de marcos de referencia para detectar errores. Un reci\u00e9n incorporado que trabaja desde el primer d\u00eda con un copiloto carece de esos marcos de referencia.<\/p>\n<p>Precisamente por eso Gartner pronostica las pruebas libres de IA: no para frenar la IA, sino para garantizar que las personas que la controlan tambi\u00e9n sean capaces de pensar sin ella. Se trata de la capacidad de recurrir a un plan alternativo (<em>fallback<\/em>)  &#8211;  no de nostalgia.<\/p>\n<h2 style=\"margin-top:32px;margin-bottom:16px;\">Cuatro medidas que tienen sentido ahora<\/h2>\n<p><strong>1. Introducir evaluaciones de competencias libres de IA:<\/strong> No como castigo, sino como diagn\u00f3stico. \u00bfD\u00f3nde est\u00e1n los equipos cuando el copiloto est\u00e1 desconectado? Los resultados indican d\u00f3nde es necesario un <em>upskilling<\/em> espec\u00edfico. En sectores como Finanzas y Sanidad, los requisitos regulatorios impondr\u00e1n estos tests en los pr\u00f3ximos 18 meses.<\/p>\n<p><strong>2. Definir fases semanales de \u00abtrabajo profundo\u00bb sin herramientas de IA:<\/strong> Dos o tres horas por semana en las que se elaboren an\u00e1lisis, documentos estrat\u00e9gicos y propuestas de decisi\u00f3n sin soporte de IA generativa. Esto parece una p\u00e9rdida de tiempo. Es, en cambio, una inversi\u00f3n en la \u00abmusculatura del pensamiento\u00bb que, a largo plazo, marca la diferencia entre una calidad de decisi\u00f3n mediocre y una excelente.<\/p>\n<p><strong>3. Establecer estructuras de mentor\u00eda para nativos digitales de la IA:<\/strong> Los reci\u00e9n incorporados que trabajan desde el primer d\u00eda con IA generativa necesitan colegas experimentados que les muestren c\u00f3mo funciona la disciplina sin IA. No como una clase de historia, sino como una calibraci\u00f3n: \u00bfc\u00f3mo reconoces que la salida de la IA es absurda si t\u00fa mismo no has profundizado en el tema?<\/p>\n<p><strong>4. Medir por separado la competencia en IA y la competencia disciplinar:<\/strong> La mayor\u00eda de los sistemas de evaluaci\u00f3n miden cantidad y calidad de la producci\u00f3n. No distinguen si dicha producci\u00f3n es humana o asistida por IA. La gesti\u00f3n de talento basada en competencias (del 46 % actual al 90 % para 2027, seg\u00fan Gartner) debe reflejar ambas dimensiones: \u00bfcon qu\u00e9 eficacia utiliza una persona la IA? \u00bfY con qu\u00e9 eficacia trabaja sin ella?<\/p>\n<h2 style=\"margin-top:32px;margin-bottom:16px;\">Conclusi\u00f3n<\/h2>\n<p>La IA generativa es la herramienta de productividad m\u00e1s potente desde la aparici\u00f3n de las hojas de c\u00e1lculo. Pero las herramientas poderosas tienen efectos secundarios. La predicci\u00f3n de Gartner sobre las pruebas libres de IA no es alarmismo  &#8211;  es la consecuencia l\u00f3gica de una observaci\u00f3n que cualquier organizaci\u00f3n TI puede hacer: los equipos que llevan 18 meses trabajando con copilotos entregan m\u00e1s r\u00e1pido. Pero su capacidad para entregar sin copiloto ha disminuido de forma medible. Los CIO que aborden esto ahora garantizan la calidad de las decisiones de su organizaci\u00f3n. Los dem\u00e1s solo lo notar\u00e1n cuando el copiloto deje de estar disponible  &#8211;  o cuando se equivoque y nadie lo advierta.<\/p>\n<h2 style=\"margin-top:32px;margin-bottom:16px;\">Preguntas frecuentes<\/h2>\n<details style=\"margin-bottom:12px;padding:16px 20px;background:#f9f9f9;border-radius:6px;\">\n<summary style=\"cursor:pointer;font-size:15px;font-weight:600;\"><strong>\u00bfQu\u00e9 son las pruebas libres de IA para evaluar competencias?<\/strong><\/summary>\n<p style=\"margin:8px 0 4px 8px;\">Las pruebas libres de IA para evaluar competencias son procedimientos de evaluaci\u00f3n en los que los candidatos o empleados deben resolver tareas sin acceso a herramientas de IA generativa. Su objetivo es medir las capacidades anal\u00edticas y creativas independientes. Gartner pronostica que el 50 % de las organizaciones introducir\u00e1 este tipo de pruebas para finales de 2026. Dichas pruebas no sustituyen las evaluaciones basadas en IA, sino que las complementan con una dimensi\u00f3n que mide de forma aislada el juicio humano.<\/p>\n<\/details>\n<details style=\"margin-bottom:12px;padding:16px 20px;background:#f9f9f9;border-radius:6px;\">\n<summary style=\"cursor:pointer;font-size:15px;font-weight:600;\"><strong>\u00bfPor qu\u00e9 erosiona la IA generativa el pensamiento cr\u00edtico?<\/strong><\/summary>\n<p style=\"margin:8px 0 4px 8px;\">El pensamiento cr\u00edtico es una habilidad que se conserva mediante su pr\u00e1ctica regular. Cuando los an\u00e1lisis, res\u00famenes y propuestas de decisi\u00f3n se generan rutinariamente con IA generativa, desaparece el esfuerzo cognitivo que entrena dichas habilidades. Tras 12 a 18 meses de uso intensivo de IA generativa, las empresas informan de retrocesos medibles en la calidad de los documentos elaborados de forma independiente.<\/p>\n<\/details>\n<details style=\"margin-bottom:12px;padding:16px 20px;background:#f9f9f9;border-radius:6px;\">\n<summary style=\"cursor:pointer;font-size:15px;font-weight:600;\"><strong>\u00bfC\u00f3mo se puede medir la atrofia de competencias?<\/strong><\/summary>\n<p style=\"margin:8px 0 4px 8px;\">Tres m\u00e9todos son adecuados: primero, evaluaciones libres de IA peri\u00f3dicas con tareas estandarizadas (an\u00e1lisis, res\u00famenes, propuestas de decisi\u00f3n). Segundo, comparaci\u00f3n de la calidad de la producci\u00f3n con y sin soporte de IA a lo largo del tiempo. Tercero, revisiones cualitativas entre pares, en las que colegas experimentados eval\u00faen el trabajo realizado de forma independiente. La combinaci\u00f3n de estos m\u00e9todos muestra si la capacidad de razonamiento se mantiene estable o disminuye.<\/p>\n<\/details>\n<details style=\"margin-bottom:12px;padding:16px 20px;background:#f9f9f9;border-radius:6px;\">\n<summary style=\"cursor:pointer;font-size:15px;font-weight:600;\"><strong>\u00bfDeber\u00edan las empresas restringir el uso de IA generativa?<\/strong><\/summary>\n<p style=\"margin:8px 0 4px 8px;\">No. Restringir su uso supondr\u00eda una p\u00e9rdida de productividad sin beneficio estrat\u00e9gico. El enfoque correcto es diferenciado: IA generativa como herramienta por defecto para tareas rutinarias, pero fases espec\u00edficas libres de IA para aquellas tareas que exigen pensamiento independiente. Al igual que los deportistas entrenan con pesas libres aunque dispongan de m\u00e1quinas  &#8211;  no porque las m\u00e1quinas sean malas, sino porque los m\u00fasculos estabilizadores solo se entrenan sin ellas.<\/p>\n<\/details>\n<details style=\"margin-bottom:12px;padding:16px 20px;background:#f9f9f9;border-radius:6px;\">\n<summary style=\"cursor:pointer;font-size:15px;font-weight:600;\"><strong>\u00bfQu\u00e9 papel desempe\u00f1a el CIO en este tema?<\/strong><\/summary>\n<p style=\"margin:8px 0 4px 8px;\">El CIO es responsable del despliegue de IA generativa y, por tanto, tambi\u00e9n de sus efectos secundarios. Eso implica: integrar el seguimiento de competencias en IA dentro de la estrategia de despliegue, no como una reflexi\u00f3n posterior. Concretamente: evaluaciones de l\u00ednea base antes del despliegue, revisiones semestrales y criterios claros para activar medidas compensatorias. El 90 % de los CIO implementar\u00e1n estrategias de talento basadas en competencias para 2027  &#8211;  y la paradoja del pensamiento con IA debe formar parte de dicha estrategia.<\/p>\n<\/details>\n<div class=\"evm-styled-box\" style=\"background:#fdf0f1;border-radius:8px;padding:20px 24px;margin:24px 0;border-top:3px solid #d65663;\">\n<h2 style=\"margin-top:0;margin-bottom:12px;font-size:1.05em;\">Lecturas recomendadas por la redacci\u00f3n<\/h2>\n<ul>\n<li><a href=\"https:\/\/www.digital-chiefs.de\/es\/la-ia-no-sustituye-puestos-de-trabajo-sustituye-perfiles-profesionales-que-signi\/\" target=\"_blank\" rel=\"noopener\">La IA no sustituye puestos de trabajo, sustituye perfiles profesionales  &#8211;  Digital Chiefs<\/a><\/li>\n<li><a href=\"https:\/\/www.digital-chiefs.de\/es\/46-anos-por-que-el-mandato-del-cio-es-mas-corto-que-cualquier-ciclo-de-transform\/\" target=\"_blank\" rel=\"noopener\">4,6 a\u00f1os: por qu\u00e9 el mandato del CIO es m\u00e1s corto que cualquier ciclo de transformaci\u00f3n  &#8211;  Digital Chiefs<\/a><\/li>\n<li><a href=\"https:\/\/www.digital-chiefs.de\/es\/competencias-tic-2026-el-39-de-las-habilidades-se-vuelven-obsoletas\/\" target=\"_blank\" rel=\"noopener\">Competencias TI 2026: el 39 % de las competencias se vuelven obsoletas  &#8211;  Digital Chiefs<\/a><\/li>\n<\/ul>\n<\/div>\n<div class=\"evm-styled-box\" style=\"background:#fdf0f1;border-radius:8px;padding:20px 24px;margin:24px 0;border-top:3px solid #d65663;\">\n<h2 style=\"margin-top:0;margin-bottom:12px;font-size:1.05em;\">M\u00e1s contenido de la red MBF Media<\/h2>\n<ul>\n<li><a href=\"https:\/\/www.cloudmagazin.com\/es\/2026\/03\/29\/aws-azure-google-cloud-vergleich-dach-2026\/\" target=\"_blank\" rel=\"noopener\">AWS frente a Azure frente a Google Cloud 2026  &#8211;  cloudmagazin<\/a><\/li>\n<li><a href=\"https:\/\/www.securitytoday.de\/es\/2026\/03\/30\/cyber-versicherung-2026-versicherer-prueft-ciso-checkliste\/\" target=\"_blank\" rel=\"noopener\">Seguros cibern\u00e9ticos 2026: qu\u00e9 examina la aseguradora  &#8211;  SecurityToday<\/a><\/li>\n<li><a href=\"https:\/\/mybusinessfuture.com\/es\/datenqualitaet-mittelstand-ki-ai-ready-data-2026\/\" target=\"_blank\" rel=\"noopener\">Calidad de los datos en la peque\u00f1a y mediana empresa  &#8211;  MyBusinessFuture<\/a><\/li>\n<\/ul>\n<\/div>\n<p style=\"text-align:right;font-style:italic;color:#888;font-size:0.85em;\">Fuente de imagen: Pexels \/ Vlada Karpovich (px:6114964)<\/p>\n","protected":false},"excerpt":{"rendered":"<p>7 min de lectura La IA generativa aumenta la productividad. Eso est\u00e1 demostrado. Pero existe un efecto secundario que falta en la mayor\u00eda de los casos de negocio: la capacidad de pensar de forma independiente disminuye. Gartner pronostica que, para finales de 2026, la mitad de todas las organizaciones del mundo introducir\u00e1 \u00abpruebas libres de [&hellip;]<\/p>\n","protected":false},"author":114,"featured_media":14719,"comment_status":"closed","ping_status":"closed","sticky":false,"template":"","format":"standard","meta":{"_yoast_wpseo_focuskw":"ia generativa","_yoast_wpseo_title":"IA generativa: Riesgos y c\u00f3mo proteger tu pensamiento cr\u00edtico","_yoast_wpseo_metadesc":"Liderazgo C-Level: Potencie su visi\u00f3n digital. Domine la IA y el pensamiento cr\u00edtico. \u00a1Descargue nuestra gu\u00eda hoy!","pre_headline":"","bildquelle":"","teasertext":"","language":"de","footnotes":""},"categories":[645,672,695],"tags":[],"class_list":["post-15162","post","type-post","status-publish","format-standard","has-post-thumbnail","hentry","category-new-work-leadership","category-new-work-liderazgo","category-reboot-germany","entry"],"wpml_language":"es","wpml_translation_of":14720,"yoast_head":"<!-- This site is optimized with the Yoast SEO plugin v27.1.1 - https:\/\/yoast.com\/product\/yoast-seo-wordpress\/ -->\n<title>IA generativa: Riesgos y c\u00f3mo proteger tu pensamiento cr\u00edtico<\/title>\n<meta name=\"description\" content=\"Liderazgo C-Level: Potencie su visi\u00f3n digital. Domine la IA y el pensamiento cr\u00edtico. \u00a1Descargue nuestra gu\u00eda hoy!\" \/>\n<meta name=\"robots\" content=\"index, follow, max-snippet:-1, max-image-preview:large, max-video-preview:-1\" \/>\n<link rel=\"canonical\" href=\"https:\/\/www.digital-chiefs.de\/es\/la-ia-generativa-erosiona-el-pensamiento-critico-por-que-la-mitad-de-todas-las-o\/\" \/>\n<meta property=\"og:locale\" content=\"es_ES\" \/>\n<meta property=\"og:type\" content=\"article\" \/>\n<meta property=\"og:title\" content=\"IA generativa: Riesgos y c\u00f3mo proteger tu pensamiento cr\u00edtico\" \/>\n<meta property=\"og:description\" content=\"Liderazgo C-Level: Potencie su visi\u00f3n digital. Domine la IA y el pensamiento cr\u00edtico. \u00a1Descargue nuestra gu\u00eda hoy!\" \/>\n<meta property=\"og:url\" content=\"https:\/\/www.digital-chiefs.de\/es\/la-ia-generativa-erosiona-el-pensamiento-critico-por-que-la-mitad-de-todas-las-o\/\" \/>\n<meta property=\"og:site_name\" content=\"Digital Chiefs\" \/>\n<meta property=\"article:publisher\" content=\"https:\/\/www.facebook.com\/digitalchiefs\/\" \/>\n<meta property=\"article:published_time\" content=\"2026-04-01T07:30:00+00:00\" \/>\n<meta property=\"article:modified_time\" content=\"2026-04-24T17:22:31+00:00\" \/>\n<meta property=\"og:image\" content=\"https:\/\/www.digital-chiefs.de\/wp-content\/uploads\/2026\/04\/pexels-vlada-karpovich-6114964.jpg\" \/>\n\t<meta property=\"og:image:width\" content=\"1920\" \/>\n\t<meta property=\"og:image:height\" content=\"1280\" \/>\n\t<meta property=\"og:image:type\" content=\"image\/jpeg\" \/>\n<meta name=\"author\" content=\"Tobias Massow\" \/>\n<meta name=\"twitter:card\" content=\"summary_large_image\" \/>\n<meta name=\"twitter:creator\" content=\"@digital_chiefs\" \/>\n<meta name=\"twitter:site\" content=\"@digital_chiefs\" \/>\n<meta name=\"twitter:label1\" content=\"Escrito por\" \/>\n\t<meta name=\"twitter:data1\" content=\"Tobias Massow\" \/>\n\t<meta name=\"twitter:label2\" content=\"Tiempo de lectura\" \/>\n\t<meta name=\"twitter:data2\" content=\"11 minutos\" \/>\n<script type=\"application\/ld+json\" class=\"yoast-schema-graph\">{\"@context\":\"https:\/\/schema.org\",\"@graph\":[{\"@type\":\"NewsArticle\",\"@id\":\"https:\/\/www.digital-chiefs.de\/es\/la-ia-generativa-erosiona-el-pensamiento-critico-por-que-la-mitad-de-todas-las-o\/#article\",\"isPartOf\":{\"@id\":\"https:\/\/www.digital-chiefs.de\/es\/la-ia-generativa-erosiona-el-pensamiento-critico-por-que-la-mitad-de-todas-las-o\/\"},\"author\":{\"name\":\"Tobias Massow\",\"@id\":\"https:\/\/www.digital-chiefs.de\/es\/#\/schema\/person\/7a9e40318a8c36352e7a694f6df4d5c8\"},\"headline\":\"La IA generativa erosiona el pensamiento cr\u00edtico: \u00bfPor qu\u00e9 la mitad de todas las organizaciones planea pruebas libres de IA?\",\"datePublished\":\"2026-04-01T07:30:00+00:00\",\"dateModified\":\"2026-04-24T17:22:31+00:00\",\"mainEntityOfPage\":{\"@id\":\"https:\/\/www.digital-chiefs.de\/es\/la-ia-generativa-erosiona-el-pensamiento-critico-por-que-la-mitad-de-todas-las-o\/\"},\"wordCount\":2202,\"publisher\":{\"@id\":\"https:\/\/www.digital-chiefs.de\/es\/#organization\"},\"image\":{\"@id\":\"https:\/\/www.digital-chiefs.de\/es\/la-ia-generativa-erosiona-el-pensamiento-critico-por-que-la-mitad-de-todas-las-o\/#primaryimage\"},\"thumbnailUrl\":\"https:\/\/www.digital-chiefs.de\/wp-content\/uploads\/2026\/04\/pexels-vlada-karpovich-6114964.jpg\",\"articleSection\":[\"New Work y Liderazgo\",\"New Work y liderazgo\",\"Reboot Germany\"],\"inLanguage\":\"es\"},{\"@type\":\"WebPage\",\"@id\":\"https:\/\/www.digital-chiefs.de\/es\/la-ia-generativa-erosiona-el-pensamiento-critico-por-que-la-mitad-de-todas-las-o\/\",\"url\":\"https:\/\/www.digital-chiefs.de\/es\/la-ia-generativa-erosiona-el-pensamiento-critico-por-que-la-mitad-de-todas-las-o\/\",\"name\":\"IA generativa: Riesgos y c\u00f3mo proteger tu pensamiento cr\u00edtico\",\"isPartOf\":{\"@id\":\"https:\/\/www.digital-chiefs.de\/es\/#website\"},\"primaryImageOfPage\":{\"@id\":\"https:\/\/www.digital-chiefs.de\/es\/la-ia-generativa-erosiona-el-pensamiento-critico-por-que-la-mitad-de-todas-las-o\/#primaryimage\"},\"image\":{\"@id\":\"https:\/\/www.digital-chiefs.de\/es\/la-ia-generativa-erosiona-el-pensamiento-critico-por-que-la-mitad-de-todas-las-o\/#primaryimage\"},\"thumbnailUrl\":\"https:\/\/www.digital-chiefs.de\/wp-content\/uploads\/2026\/04\/pexels-vlada-karpovich-6114964.jpg\",\"datePublished\":\"2026-04-01T07:30:00+00:00\",\"dateModified\":\"2026-04-24T17:22:31+00:00\",\"description\":\"Liderazgo C-Level: Potencie su visi\u00f3n digital. Domine la IA y el pensamiento cr\u00edtico. \u00a1Descargue nuestra gu\u00eda hoy!\",\"breadcrumb\":{\"@id\":\"https:\/\/www.digital-chiefs.de\/es\/la-ia-generativa-erosiona-el-pensamiento-critico-por-que-la-mitad-de-todas-las-o\/#breadcrumb\"},\"inLanguage\":\"es\",\"potentialAction\":[{\"@type\":\"ReadAction\",\"target\":[\"https:\/\/www.digital-chiefs.de\/es\/la-ia-generativa-erosiona-el-pensamiento-critico-por-que-la-mitad-de-todas-las-o\/\"]}]},{\"@type\":\"ImageObject\",\"inLanguage\":\"es\",\"@id\":\"https:\/\/www.digital-chiefs.de\/es\/la-ia-generativa-erosiona-el-pensamiento-critico-por-que-la-mitad-de-todas-las-o\/#primaryimage\",\"url\":\"https:\/\/www.digital-chiefs.de\/wp-content\/uploads\/2026\/04\/pexels-vlada-karpovich-6114964.jpg\",\"contentUrl\":\"https:\/\/www.digital-chiefs.de\/wp-content\/uploads\/2026\/04\/pexels-vlada-karpovich-6114964.jpg\",\"width\":1920,\"height\":1280,\"caption\":\"Frau mit Laptop zeigt digitale Zusammenarbeit. Thema Gehaltstransparenz und Pay Gap.\"},{\"@type\":\"BreadcrumbList\",\"@id\":\"https:\/\/www.digital-chiefs.de\/es\/la-ia-generativa-erosiona-el-pensamiento-critico-por-que-la-mitad-de-todas-las-o\/#breadcrumb\",\"itemListElement\":[{\"@type\":\"ListItem\",\"position\":1,\"name\":\"Startseite\",\"item\":\"https:\/\/www.digital-chiefs.de\/es\/inicio\/\"},{\"@type\":\"ListItem\",\"position\":2,\"name\":\"La IA generativa erosiona el pensamiento cr\u00edtico: \u00bfPor qu\u00e9 la mitad de todas las organizaciones planea pruebas libres de IA?\"}]},{\"@type\":\"WebSite\",\"@id\":\"https:\/\/www.digital-chiefs.de\/es\/#website\",\"url\":\"https:\/\/www.digital-chiefs.de\/es\/\",\"name\":\"Digital Chiefs\",\"description\":\"Architekten des digitalen Deutschlands\",\"publisher\":{\"@id\":\"https:\/\/www.digital-chiefs.de\/es\/#organization\"},\"potentialAction\":[{\"@type\":\"SearchAction\",\"target\":{\"@type\":\"EntryPoint\",\"urlTemplate\":\"https:\/\/www.digital-chiefs.de\/es\/?s={search_term_string}\"},\"query-input\":{\"@type\":\"PropertyValueSpecification\",\"valueRequired\":true,\"valueName\":\"search_term_string\"}}],\"inLanguage\":\"es\"},{\"@type\":\"Organization\",\"@id\":\"https:\/\/www.digital-chiefs.de\/es\/#organization\",\"name\":\"Digital Chiefs\",\"url\":\"https:\/\/www.digital-chiefs.de\/es\/\",\"logo\":{\"@type\":\"ImageObject\",\"inLanguage\":\"es\",\"@id\":\"https:\/\/www.digital-chiefs.de\/es\/#\/schema\/logo\/image\/\",\"url\":\"https:\/\/www.digital-chiefs.de\/wp-content\/uploads\/2020\/05\/cropped-digital-chiefs-logo-klein.jpg\",\"contentUrl\":\"https:\/\/www.digital-chiefs.de\/wp-content\/uploads\/2020\/05\/cropped-digital-chiefs-logo-klein.jpg\",\"width\":190,\"height\":190,\"caption\":\"Digital Chiefs\"},\"image\":{\"@id\":\"https:\/\/www.digital-chiefs.de\/es\/#\/schema\/logo\/image\/\"},\"sameAs\":[\"https:\/\/www.facebook.com\/digitalchiefs\/\",\"https:\/\/x.com\/digital_chiefs\",\"https:\/\/www.linkedin.com\/company\/digital-chiefs\/\"]},{\"@type\":\"Person\",\"@id\":\"https:\/\/www.digital-chiefs.de\/es\/#\/schema\/person\/7a9e40318a8c36352e7a694f6df4d5c8\",\"name\":\"Tobias Massow\",\"description\":\"Tobias Massow ist Gesch\u00e4ftsf\u00fchrer der Evernine Media GmbH und Herausgeber von Digital Chiefs. Er verantwortet die strategische Ausrichtung des Magazins und des MBF Media Netzwerks.\",\"sameAs\":[\"https:\/\/www.linkedin.com\/in\/tobias-massow\/\"],\"url\":\"https:\/\/www.digital-chiefs.de\/es\/author\/tobias\/\"}]}<\/script>\n<!-- \/ Yoast SEO plugin. -->","yoast_head_json":{"title":"IA generativa: Riesgos y c\u00f3mo proteger tu pensamiento cr\u00edtico","description":"Liderazgo C-Level: Potencie su visi\u00f3n digital. Domine la IA y el pensamiento cr\u00edtico. \u00a1Descargue nuestra gu\u00eda hoy!","robots":{"index":"index","follow":"follow","max-snippet":"max-snippet:-1","max-image-preview":"max-image-preview:large","max-video-preview":"max-video-preview:-1"},"canonical":"https:\/\/www.digital-chiefs.de\/es\/la-ia-generativa-erosiona-el-pensamiento-critico-por-que-la-mitad-de-todas-las-o\/","og_locale":"es_ES","og_type":"article","og_title":"IA generativa: Riesgos y c\u00f3mo proteger tu pensamiento cr\u00edtico","og_description":"Liderazgo C-Level: Potencie su visi\u00f3n digital. Domine la IA y el pensamiento cr\u00edtico. \u00a1Descargue nuestra gu\u00eda hoy!","og_url":"https:\/\/www.digital-chiefs.de\/es\/la-ia-generativa-erosiona-el-pensamiento-critico-por-que-la-mitad-de-todas-las-o\/","og_site_name":"Digital Chiefs","article_publisher":"https:\/\/www.facebook.com\/digitalchiefs\/","article_published_time":"2026-04-01T07:30:00+00:00","article_modified_time":"2026-04-24T17:22:31+00:00","og_image":[{"width":1920,"height":1280,"url":"https:\/\/www.digital-chiefs.de\/wp-content\/uploads\/2026\/04\/pexels-vlada-karpovich-6114964.jpg","type":"image\/jpeg"}],"author":"Tobias Massow","twitter_card":"summary_large_image","twitter_creator":"@digital_chiefs","twitter_site":"@digital_chiefs","twitter_misc":{"Escrito por":"Tobias Massow","Tiempo de lectura":"11 minutos"},"schema":{"@context":"https:\/\/schema.org","@graph":[{"@type":"NewsArticle","@id":"https:\/\/www.digital-chiefs.de\/es\/la-ia-generativa-erosiona-el-pensamiento-critico-por-que-la-mitad-de-todas-las-o\/#article","isPartOf":{"@id":"https:\/\/www.digital-chiefs.de\/es\/la-ia-generativa-erosiona-el-pensamiento-critico-por-que-la-mitad-de-todas-las-o\/"},"author":{"name":"Tobias Massow","@id":"https:\/\/www.digital-chiefs.de\/es\/#\/schema\/person\/7a9e40318a8c36352e7a694f6df4d5c8"},"headline":"La IA generativa erosiona el pensamiento cr\u00edtico: \u00bfPor qu\u00e9 la mitad de todas las organizaciones planea pruebas libres de IA?","datePublished":"2026-04-01T07:30:00+00:00","dateModified":"2026-04-24T17:22:31+00:00","mainEntityOfPage":{"@id":"https:\/\/www.digital-chiefs.de\/es\/la-ia-generativa-erosiona-el-pensamiento-critico-por-que-la-mitad-de-todas-las-o\/"},"wordCount":2202,"publisher":{"@id":"https:\/\/www.digital-chiefs.de\/es\/#organization"},"image":{"@id":"https:\/\/www.digital-chiefs.de\/es\/la-ia-generativa-erosiona-el-pensamiento-critico-por-que-la-mitad-de-todas-las-o\/#primaryimage"},"thumbnailUrl":"https:\/\/www.digital-chiefs.de\/wp-content\/uploads\/2026\/04\/pexels-vlada-karpovich-6114964.jpg","articleSection":["New Work y Liderazgo","New Work y liderazgo","Reboot Germany"],"inLanguage":"es"},{"@type":"WebPage","@id":"https:\/\/www.digital-chiefs.de\/es\/la-ia-generativa-erosiona-el-pensamiento-critico-por-que-la-mitad-de-todas-las-o\/","url":"https:\/\/www.digital-chiefs.de\/es\/la-ia-generativa-erosiona-el-pensamiento-critico-por-que-la-mitad-de-todas-las-o\/","name":"IA generativa: Riesgos y c\u00f3mo proteger tu pensamiento cr\u00edtico","isPartOf":{"@id":"https:\/\/www.digital-chiefs.de\/es\/#website"},"primaryImageOfPage":{"@id":"https:\/\/www.digital-chiefs.de\/es\/la-ia-generativa-erosiona-el-pensamiento-critico-por-que-la-mitad-de-todas-las-o\/#primaryimage"},"image":{"@id":"https:\/\/www.digital-chiefs.de\/es\/la-ia-generativa-erosiona-el-pensamiento-critico-por-que-la-mitad-de-todas-las-o\/#primaryimage"},"thumbnailUrl":"https:\/\/www.digital-chiefs.de\/wp-content\/uploads\/2026\/04\/pexels-vlada-karpovich-6114964.jpg","datePublished":"2026-04-01T07:30:00+00:00","dateModified":"2026-04-24T17:22:31+00:00","description":"Liderazgo C-Level: Potencie su visi\u00f3n digital. Domine la IA y el pensamiento cr\u00edtico. \u00a1Descargue nuestra gu\u00eda hoy!","breadcrumb":{"@id":"https:\/\/www.digital-chiefs.de\/es\/la-ia-generativa-erosiona-el-pensamiento-critico-por-que-la-mitad-de-todas-las-o\/#breadcrumb"},"inLanguage":"es","potentialAction":[{"@type":"ReadAction","target":["https:\/\/www.digital-chiefs.de\/es\/la-ia-generativa-erosiona-el-pensamiento-critico-por-que-la-mitad-de-todas-las-o\/"]}]},{"@type":"ImageObject","inLanguage":"es","@id":"https:\/\/www.digital-chiefs.de\/es\/la-ia-generativa-erosiona-el-pensamiento-critico-por-que-la-mitad-de-todas-las-o\/#primaryimage","url":"https:\/\/www.digital-chiefs.de\/wp-content\/uploads\/2026\/04\/pexels-vlada-karpovich-6114964.jpg","contentUrl":"https:\/\/www.digital-chiefs.de\/wp-content\/uploads\/2026\/04\/pexels-vlada-karpovich-6114964.jpg","width":1920,"height":1280,"caption":"Frau mit Laptop zeigt digitale Zusammenarbeit. Thema Gehaltstransparenz und Pay Gap."},{"@type":"BreadcrumbList","@id":"https:\/\/www.digital-chiefs.de\/es\/la-ia-generativa-erosiona-el-pensamiento-critico-por-que-la-mitad-de-todas-las-o\/#breadcrumb","itemListElement":[{"@type":"ListItem","position":1,"name":"Startseite","item":"https:\/\/www.digital-chiefs.de\/es\/inicio\/"},{"@type":"ListItem","position":2,"name":"La IA generativa erosiona el pensamiento cr\u00edtico: \u00bfPor qu\u00e9 la mitad de todas las organizaciones planea pruebas libres de IA?"}]},{"@type":"WebSite","@id":"https:\/\/www.digital-chiefs.de\/es\/#website","url":"https:\/\/www.digital-chiefs.de\/es\/","name":"Digital Chiefs","description":"Architekten des digitalen Deutschlands","publisher":{"@id":"https:\/\/www.digital-chiefs.de\/es\/#organization"},"potentialAction":[{"@type":"SearchAction","target":{"@type":"EntryPoint","urlTemplate":"https:\/\/www.digital-chiefs.de\/es\/?s={search_term_string}"},"query-input":{"@type":"PropertyValueSpecification","valueRequired":true,"valueName":"search_term_string"}}],"inLanguage":"es"},{"@type":"Organization","@id":"https:\/\/www.digital-chiefs.de\/es\/#organization","name":"Digital Chiefs","url":"https:\/\/www.digital-chiefs.de\/es\/","logo":{"@type":"ImageObject","inLanguage":"es","@id":"https:\/\/www.digital-chiefs.de\/es\/#\/schema\/logo\/image\/","url":"https:\/\/www.digital-chiefs.de\/wp-content\/uploads\/2020\/05\/cropped-digital-chiefs-logo-klein.jpg","contentUrl":"https:\/\/www.digital-chiefs.de\/wp-content\/uploads\/2020\/05\/cropped-digital-chiefs-logo-klein.jpg","width":190,"height":190,"caption":"Digital Chiefs"},"image":{"@id":"https:\/\/www.digital-chiefs.de\/es\/#\/schema\/logo\/image\/"},"sameAs":["https:\/\/www.facebook.com\/digitalchiefs\/","https:\/\/x.com\/digital_chiefs","https:\/\/www.linkedin.com\/company\/digital-chiefs\/"]},{"@type":"Person","@id":"https:\/\/www.digital-chiefs.de\/es\/#\/schema\/person\/7a9e40318a8c36352e7a694f6df4d5c8","name":"Tobias Massow","description":"Tobias Massow ist Gesch\u00e4ftsf\u00fchrer der Evernine Media GmbH und Herausgeber von Digital Chiefs. Er verantwortet die strategische Ausrichtung des Magazins und des MBF Media Netzwerks.","sameAs":["https:\/\/www.linkedin.com\/in\/tobias-massow\/"],"url":"https:\/\/www.digital-chiefs.de\/es\/author\/tobias\/"}]}},"_links":{"self":[{"href":"https:\/\/www.digital-chiefs.de\/es\/wp-json\/wp\/v2\/posts\/15162","targetHints":{"allow":["GET"]}}],"collection":[{"href":"https:\/\/www.digital-chiefs.de\/es\/wp-json\/wp\/v2\/posts"}],"about":[{"href":"https:\/\/www.digital-chiefs.de\/es\/wp-json\/wp\/v2\/types\/post"}],"author":[{"embeddable":true,"href":"https:\/\/www.digital-chiefs.de\/es\/wp-json\/wp\/v2\/users\/114"}],"replies":[{"embeddable":true,"href":"https:\/\/www.digital-chiefs.de\/es\/wp-json\/wp\/v2\/comments?post=15162"}],"version-history":[{"count":3,"href":"https:\/\/www.digital-chiefs.de\/es\/wp-json\/wp\/v2\/posts\/15162\/revisions"}],"predecessor-version":[{"id":20775,"href":"https:\/\/www.digital-chiefs.de\/es\/wp-json\/wp\/v2\/posts\/15162\/revisions\/20775"}],"wp:featuredmedia":[{"embeddable":true,"href":"https:\/\/www.digital-chiefs.de\/es\/wp-json\/wp\/v2\/media\/14719"}],"wp:attachment":[{"href":"https:\/\/www.digital-chiefs.de\/es\/wp-json\/wp\/v2\/media?parent=15162"}],"wp:term":[{"taxonomy":"category","embeddable":true,"href":"https:\/\/www.digital-chiefs.de\/es\/wp-json\/wp\/v2\/categories?post=15162"},{"taxonomy":"post_tag","embeddable":true,"href":"https:\/\/www.digital-chiefs.de\/es\/wp-json\/wp\/v2\/tags?post=15162"}],"curies":[{"name":"wp","href":"https:\/\/api.w.org\/{rel}","templated":true}]}}